{"id":230,"date":"2024-01-11T13:24:52","date_gmt":"2024-01-11T13:24:52","guid":{"rendered":"https:\/\/padeep.be\/?p=230"},"modified":"2024-03-15T10:16:18","modified_gmt":"2024-03-15T10:16:18","slug":"evenement-exposition-notre-congo-onze-kongo-la-propagande-coloniale-belge-devoilee","status":"publish","type":"post","link":"https:\/\/padeep.be\/?p=230","title":{"rendered":"\u00c9V\u00c8NEMENT \u00abexposition \u00ab Notre Congo\/Onze Kongo, la propagande coloniale belge d\u00e9voil\u00e9e\u00a0\u00bb"},"content":{"rendered":"\t\t<div data-elementor-type=\"wp-post\" data-elementor-id=\"230\" class=\"elementor elementor-230\" data-elementor-post-type=\"post\">\n\t\t\t\t\t\t<section class=\"elementor-section elementor-top-section elementor-element elementor-element-e8e6d6c elementor-section-boxed elementor-section-height-default elementor-section-height-default\" data-id=\"e8e6d6c\" data-element_type=\"section\" data-e-type=\"section\">\n\t\t\t\t\t\t<div class=\"elementor-container elementor-column-gap-default\">\n\t\t\t\t\t<div class=\"elementor-column elementor-col-100 elementor-top-column elementor-element elementor-element-c414652\" data-id=\"c414652\" data-element_type=\"column\" data-e-type=\"column\">\n\t\t\t<div class=\"elementor-widget-wrap elementor-element-populated\">\n\t\t\t\t\t\t<div class=\"elementor-element elementor-element-fc5864a elementor-widget elementor-widget-heading\" data-id=\"fc5864a\" data-element_type=\"widget\" data-e-type=\"widget\" data-widget_type=\"heading.default\">\n\t\t\t\t<div class=\"elementor-widget-container\">\n\t\t\t\t\t<h2 class=\"elementor-heading-title elementor-size-default\">Compte \u00e0 rebours avant l'\u00e9v\u00e8nement<\/h2>\t\t\t\t<\/div>\n\t\t\t\t<\/div>\n\t\t\t\t<div class=\"elementor-element elementor-element-8ce31ab elementor-countdown--label-block elementor-widget elementor-widget-countdown\" data-id=\"8ce31ab\" data-element_type=\"widget\" data-e-type=\"widget\" data-widget_type=\"countdown.default\">\n\t\t\t\t<div class=\"elementor-widget-container\">\n\t\t\t\t\t\t\t<div class=\"elementor-countdown-wrapper\" data-date=\"1710768300\">\n\t\t\t<div class=\"elementor-countdown-item\"><span class=\"elementor-countdown-digits elementor-countdown-days\"><\/span> <span class=\"elementor-countdown-label\">Days<\/span><\/div><div class=\"elementor-countdown-item\"><span class=\"elementor-countdown-digits elementor-countdown-hours\"><\/span> <span class=\"elementor-countdown-label\">Hours<\/span><\/div><div class=\"elementor-countdown-item\"><span class=\"elementor-countdown-digits elementor-countdown-minutes\"><\/span> <span class=\"elementor-countdown-label\">Minutes<\/span><\/div><div class=\"elementor-countdown-item\"><span class=\"elementor-countdown-digits elementor-countdown-seconds\"><\/span> <span class=\"elementor-countdown-label\">Seconds<\/span><\/div>\t\t<\/div>\n\t\t\t\t\t\t<\/div>\n\t\t\t\t<\/div>\n\t\t\t\t\t<\/div>\n\t\t<\/div>\n\t\t\t\t\t<\/div>\n\t\t<\/section>\n\t\t\t\t<section class=\"elementor-section elementor-top-section elementor-element elementor-element-2ecf6e49 elementor-section-boxed elementor-section-height-default elementor-section-height-default\" data-id=\"2ecf6e49\" data-element_type=\"section\" data-e-type=\"section\">\n\t\t\t\t\t\t<div class=\"elementor-container elementor-column-gap-default\">\n\t\t\t\t\t<div class=\"elementor-column elementor-col-100 elementor-top-column elementor-element elementor-element-60839815\" data-id=\"60839815\" data-element_type=\"column\" data-e-type=\"column\">\n\t\t\t<div class=\"elementor-widget-wrap elementor-element-populated\">\n\t\t\t\t\t\t<div class=\"elementor-element elementor-element-51c455c9 elementor-widget elementor-widget-text-editor\" data-id=\"51c455c9\" data-element_type=\"widget\" data-e-type=\"widget\" data-widget_type=\"text-editor.default\">\n\t\t\t\t<div class=\"elementor-widget-container\">\n\t\t\t\t\t\t\t\t\t\n<p>DU 18 MARS AU 5 AVRIL 2024<\/p>\n<div class=\"page\" title=\"Page 2\">\n<div class=\"section\">\n<div class=\"layoutArea\">\n<div class=\"column\">\n<p>LA PLATEFORME<\/p>\n<p>2018 a e\u0301te\u0301 marque\u0301e par une mobilisation d\u2019as- sociations issues des communaute\u0301s d\u2019Afrique subsaharienne, dans le but de parfaire a\u0300 une de\u0301colonisation de l\u2019espace public dans la re\u0301gion de Mons-centre et du Borinage. Cette volonte\u0301 de\u0301boucha, le 21 octobre de cette anne\u0301e, sur la mise en place d\u2019une plaque com- me\u0301morative a\u0300 la me\u0301moire de Messieurs Patrice LUMUMBA, Maurice MPOLO et Joseph OKITO, he\u0301ros de l\u2019inde\u0301pendance du CONGO.<\/p>\n<p>Ne souhaitant pas rendre cette action e\u0301phe\u0301me\u0300re et de\u0301sireux de mener des actions pe\u0301rennes de lutte contre le racisme et d\u2019ouverture a\u0300 un dia- logue interculturel favorisant le vivre ensemble, des associations issues des communaute\u0301s afri- caines de Mons (1) et des associations \u00abbelges\u00bb (2) se regroupe\u0300rent pour former la plateforme PADEEP (Plateforme associative \u00ab De\u0301colo- nisation des esprits et de l\u2019espace public \u00bb).<\/p>\n<p>La PADEEP s\u2019est alors fixe\u0301 comme objectifs de :<\/p>\n<p>&#8211; continuer le travail de sensibilisationre\u0301alise\u0301 en amont;<\/p>\n<p>&#8211; mettre en place des \u00ab rendez-vous de\u0301colo- niaux \u00bb, cycles de confe\u0301rences cre\u0301e\u0301s afin de s\u2019outiller pour lutter contre les discriminations et mai\u0302triser les concepts de colonialite\u0301, de colonisation, &#8230;<\/p>\n<p>Parmi les dernie\u0300res confe\u0301rences organise\u0301es en 2023 par la PADEEP, nous pouvons citer :<\/p>\n<p>&#8211; la de\u0301colonisation du savoir et la notion de race et l\u2019antiquite\u0301 e\u0301gypto-nubienne, avec Dibombari Mbock.;<\/p>\n<p>&#8211; la de\u0301colonialite\u0301 des pratiques sociales : cas de l\u2019e\u0301ducation permanente, avec Je\u0301re\u0301mie Piolat;<\/p>\n<p>&#8211; \u00ab Notre beau soleil de barbarie \u00bb , de Louisa Yousfi qui est une critique des perceptions de la socie\u0301te\u0301 sur les communaute\u0301s noires et arabes issues de la de\u0301colonisation;<\/p>\n<div class=\"page\" title=\"Page 2\">\n<div class=\"section\">\n<div class=\"layoutArea\">\n<div class=\"column\">\n<p>&#8211; \u00ab Comment le racisme structure enferme les corps et les esprits\u00bb, avec Said Bouamama;<\/p>\n<p>&#8211; Et sur le the\u0300me du wokisme (\u00ab Le wokisme, vrai danger ou maladie imaginaire ?\u00bb) par Jean-Luc Nsengiyumva.<\/p>\n<p>Ajoute\u0301s a\u0300 cela, des ateliers d\u2019e\u0301changes pour des jeunes afrodescendants, leur permettant d\u2019abor- der l\u2019impact quotidien et actuel des effets de la colonisation sur leur ve\u0301cu. Le but de ceux-ci est d\u2019effectuer un travail de re\u0301silience et de transmis- sion touchant a\u0300 la me\u0301moire collective et a\u0300 des phe\u0301nome\u0300nes syste\u0301miques dans la socie\u0301te\u0301.<\/p>\n<p>En 2021, la premie\u0300re e\u0301dition de la \u00ab Quinzaine de\u0301coloniale \u00bb a vu le jour avec l\u2019exposition \u00abZoos humains. L\u2019invention du sauvage \u00bb, ou\u0300 e\u0301taient propose\u0301s des ateliers, des confe\u0301rences et divers spectacles.<\/p>\n<p>En 2024, nous organisons la deuxie\u0300me e\u0301dition de la Quinzaine de\u0301coloniale. Ces Quinzaines permettent de nous tourner davantage vers un large public reprenant les e\u0301coles, les associa- tions et tout.e citoyen.ne inte\u0301resse\u0301.e. a\u0300 travers l\u2019accueil de l\u2019exposition \u00ab Notre Congo \u00bb.<\/p>\n<p>Il sera possible, a\u0300 travers de cette expo, d\u2019as- sister a\u0300 des confe\u0301rences, des parcours de\u0301co- loniaux mais aussi des activite\u0301s culturelles comme un spectacle de the\u0301a\u0302tre, des ateliers de kasa\u0300la\u0300, etc.<\/p>\n<p>Les visites de l\u2019exposition seront notamment assure\u0301es par des guides be\u0301ne\u0301voles de nos as- sociations. Enfin, on espe\u0300re que l\u2019expo permet- tra d\u2019ouvrir d\u2019autres perspectives pour l\u2019anne\u0301e 2024.<\/p>\n<\/div>\n<\/div>\n<\/div>\n<\/div>\n<\/div>\n<\/div>\n<\/div>\n<\/div>\n\t\t\t\t\t\t\t\t<\/div>\n\t\t\t\t<\/div>\n\t\t\t\t\t<\/div>\n\t\t<\/div>\n\t\t\t\t\t<\/div>\n\t\t<\/section>\n\t\t\t\t<section class=\"elementor-section elementor-top-section elementor-element elementor-element-0c91e1c elementor-section-boxed elementor-section-height-default elementor-section-height-default\" data-id=\"0c91e1c\" data-element_type=\"section\" data-e-type=\"section\">\n\t\t\t\t\t\t<div class=\"elementor-container elementor-column-gap-default\">\n\t\t\t\t\t<div class=\"elementor-column elementor-col-100 elementor-top-column elementor-element elementor-element-53824eb\" data-id=\"53824eb\" data-element_type=\"column\" data-e-type=\"column\">\n\t\t\t<div class=\"elementor-widget-wrap elementor-element-populated\">\n\t\t\t\t\t\t<div class=\"elementor-element elementor-element-5d369b9 elementor-widget elementor-widget-heading\" data-id=\"5d369b9\" data-element_type=\"widget\" data-e-type=\"widget\" data-widget_type=\"heading.default\">\n\t\t\t\t<div class=\"elementor-widget-container\">\n\t\t\t\t\t<h1 class=\"elementor-heading-title elementor-size-default\">Programme<\/h1>\t\t\t\t<\/div>\n\t\t\t\t<\/div>\n\t\t\t\t<div class=\"elementor-element elementor-element-abec40a elementor-widget elementor-widget-heading\" data-id=\"abec40a\" data-element_type=\"widget\" data-e-type=\"widget\" data-widget_type=\"heading.default\">\n\t\t\t\t<div class=\"elementor-widget-container\">\n\t\t\t\t\t<h3 class=\"elementor-heading-title elementor-size-default\">Vendredi 22.03<\/h3>\t\t\t\t<\/div>\n\t\t\t\t<\/div>\n\t\t\t\t<div class=\"elementor-element elementor-element-e4894a5 elementor-widget elementor-widget-heading\" data-id=\"e4894a5\" data-element_type=\"widget\" data-e-type=\"widget\" data-widget_type=\"heading.default\">\n\t\t\t\t<div class=\"elementor-widget-container\">\n\t\t\t\t\t<h5 class=\"elementor-heading-title elementor-size-default\">Conf\u00e9rence (de 18h \u00e0 20h)<\/h5>\t\t\t\t<\/div>\n\t\t\t\t<\/div>\n\t\t\t\t<div class=\"elementor-element elementor-element-6b461d3 elementor-widget elementor-widget-text-editor\" data-id=\"6b461d3\" data-element_type=\"widget\" data-e-type=\"widget\" data-widget_type=\"text-editor.default\">\n\t\t\t\t<div class=\"elementor-widget-container\">\n\t\t\t\t\t\t\t\t\t<div class=\"page\" style=\"caret-color: #000000; color: #000000;\" title=\"Page 3\">\n<div class=\"section\">\n<div class=\"layoutArea\">\n<div class=\"column\">\n<p><span style=\"font-size: 12pt; font-family: MyriadPro; font-style: italic; color: #933c36;\">\u00ab Au travail ! Colonisateurs et colonise\u0301s au Congo belge : entre exploitations et re\u0301sistances \u00bb<\/span><span style=\"font-size: 12pt; font-family: MyriadPro; color: #010712;\">. L\u2019auteur,\u00a0<\/span><span style=\"font-size: 12pt; font-family: MyriadPro; font-weight: bold; color: #010712;\">Pierre Tilly<\/span><span style=\"font-size: 12pt; font-family: MyriadPro; color: #010712;\">, historien, nous rappelle combien la colonisation belge, loin de la mission civilisatrice qu\u2019elle pre\u0301tendait e\u0302tre, fut avant tout une entre- prise visant l\u2019accumulation primitive du capital, au profit de la me\u0301tropole et principalement de ses classes posse\u0301dantes.<\/span><\/p>\n<\/div>\n<\/div>\n<\/div>\n<\/div>\t\t\t\t\t\t\t\t<\/div>\n\t\t\t\t<\/div>\n\t\t\t\t\t<\/div>\n\t\t<\/div>\n\t\t\t\t\t<\/div>\n\t\t<\/section>\n\t\t\t\t<section class=\"elementor-section elementor-top-section elementor-element elementor-element-b21f803 elementor-section-boxed elementor-section-height-default elementor-section-height-default\" data-id=\"b21f803\" data-element_type=\"section\" data-e-type=\"section\">\n\t\t\t\t\t\t<div class=\"elementor-container elementor-column-gap-default\">\n\t\t\t\t\t<div class=\"elementor-column elementor-col-100 elementor-top-column elementor-element elementor-element-f1efbf1\" data-id=\"f1efbf1\" data-element_type=\"column\" data-e-type=\"column\">\n\t\t\t<div class=\"elementor-widget-wrap elementor-element-populated\">\n\t\t\t\t\t\t<div class=\"elementor-element elementor-element-db786c7 elementor-widget elementor-widget-heading\" data-id=\"db786c7\" data-element_type=\"widget\" data-e-type=\"widget\" data-widget_type=\"heading.default\">\n\t\t\t\t<div class=\"elementor-widget-container\">\n\t\t\t\t\t<h3 class=\"elementor-heading-title elementor-size-default\">Jeudi 28.03<\/h3>\t\t\t\t<\/div>\n\t\t\t\t<\/div>\n\t\t\t\t<div class=\"elementor-element elementor-element-43e33b2 elementor-widget elementor-widget-heading\" data-id=\"43e33b2\" data-element_type=\"widget\" data-e-type=\"widget\" data-widget_type=\"heading.default\">\n\t\t\t\t<div class=\"elementor-widget-container\">\n\t\t\t\t\t<h5 class=\"elementor-heading-title elementor-size-default\">Formation (de 14h \u00e0 17h)<\/h5>\t\t\t\t<\/div>\n\t\t\t\t<\/div>\n\t\t\t\t<div class=\"elementor-element elementor-element-a1d978c elementor-widget elementor-widget-text-editor\" data-id=\"a1d978c\" data-element_type=\"widget\" data-e-type=\"widget\" data-widget_type=\"text-editor.default\">\n\t\t\t\t<div class=\"elementor-widget-container\">\n\t\t\t\t\t\t\t\t\t<div class=\"page\" style=\"caret-color: #000000; color: #000000;\" title=\"Page 3\">\n<div class=\"section\">\n<div class=\"layoutArea\">\n<div class=\"column\">\n<div class=\"page\" title=\"Page 3\">\n<div class=\"section\">\n<div class=\"layoutArea\">\n<div class=\"column\">\n<p><span style=\"font-size: 12pt; font-family: MyriadPro; color: #933c36;\">\u00ab Le racisme, s\u2019outiller pour y re\u0301sister et le com- battre \u00bb.\u00a0<\/span><span style=\"font-size: 12pt; font-family: MyriadPro;\">Formation sur les impacts du racisme sur celles et ceux qui en sont victimes. Par l\u2019asbl Espace Se\u0301maphore. Cette formation s\u2019adresse au public victime de racisme.<\/span><\/p>\n<\/div>\n<\/div>\n<\/div>\n<\/div>\n<\/div>\n<\/div>\n<\/div>\n<\/div>\t\t\t\t\t\t\t\t<\/div>\n\t\t\t\t<\/div>\n\t\t\t\t\t<\/div>\n\t\t<\/div>\n\t\t\t\t\t<\/div>\n\t\t<\/section>\n\t\t\t\t<section class=\"elementor-section elementor-top-section elementor-element elementor-element-6b3e176 elementor-section-boxed elementor-section-height-default elementor-section-height-default\" data-id=\"6b3e176\" data-element_type=\"section\" data-e-type=\"section\">\n\t\t\t\t\t\t<div class=\"elementor-container elementor-column-gap-default\">\n\t\t\t\t\t<div class=\"elementor-column elementor-col-100 elementor-top-column elementor-element elementor-element-3703027\" data-id=\"3703027\" data-element_type=\"column\" data-e-type=\"column\">\n\t\t\t<div class=\"elementor-widget-wrap elementor-element-populated\">\n\t\t\t\t\t\t<div class=\"elementor-element elementor-element-14db211 elementor-widget elementor-widget-heading\" data-id=\"14db211\" data-element_type=\"widget\" data-e-type=\"widget\" data-widget_type=\"heading.default\">\n\t\t\t\t<div class=\"elementor-widget-container\">\n\t\t\t\t\t<h3 class=\"elementor-heading-title elementor-size-default\">Vendredi 29.03<\/h3>\t\t\t\t<\/div>\n\t\t\t\t<\/div>\n\t\t\t\t<div class=\"elementor-element elementor-element-1c0ab4f elementor-widget elementor-widget-heading\" data-id=\"1c0ab4f\" data-element_type=\"widget\" data-e-type=\"widget\" data-widget_type=\"heading.default\">\n\t\t\t\t<div class=\"elementor-widget-container\">\n\t\t\t\t\t<h5 class=\"elementor-heading-title elementor-size-default\">Atelier d'expression (de 14h \u00e0 16h)<\/h5>\t\t\t\t<\/div>\n\t\t\t\t<\/div>\n\t\t\t\t<div class=\"elementor-element elementor-element-bcb1b57 elementor-widget elementor-widget-text-editor\" data-id=\"bcb1b57\" data-element_type=\"widget\" data-e-type=\"widget\" data-widget_type=\"text-editor.default\">\n\t\t\t\t<div class=\"elementor-widget-container\">\n\t\t\t\t\t\t\t\t\t<div class=\"page\" style=\"caret-color: #000000; color: #000000;\" title=\"Page 3\">\n<div class=\"section\">\n<div class=\"layoutArea\">\n<div class=\"column\">\n<div class=\"page\" title=\"Page 3\">\n<div class=\"section\">\n<div class=\"layoutArea\">\n<div class=\"column\">\n<div class=\"page\" title=\"Page 3\">\n<div class=\"section\">\n<div class=\"layoutArea\">\n<div class=\"column\">\n<p><span style=\"font-size: 12pt; font-family: MyriadPro; font-weight: bold;\">14h :\u00a0<\/span><span style=\"font-size: 12pt; font-family: MyriadPro; color: #933c36;\">Atelier ka\u0300sa\u0300la\u0300<\/span><span style=\"font-size: 12pt; font-family: MyriadPro;\">. Le Kasa\u0300la\u0300 contemporain est un art de la ce\u0301le\u0301bration et de valorisation de soi et des autres, une sorte de poe\u0300me-re\u0301cit mais aussi un art de vivre, inspire\u0301 de traditions orales africaines. Avec\u00a0<\/span><span style=\"font-size: 12pt; font-family: MyriadPro; font-weight: bold;\">Re\u0301gine Fai\u0308k<\/span><\/p>\n<\/div>\n<\/div>\n<\/div>\n<\/div>\n<\/div>\n<\/div>\n<\/div>\n<\/div>\n<\/div>\n<\/div>\n<\/div>\n<\/div>\t\t\t\t\t\t\t\t<\/div>\n\t\t\t\t<\/div>\n\t\t\t\t<div class=\"elementor-element elementor-element-2323a49 elementor-widget elementor-widget-heading\" data-id=\"2323a49\" data-element_type=\"widget\" data-e-type=\"widget\" data-widget_type=\"heading.default\">\n\t\t\t\t<div class=\"elementor-widget-container\">\n\t\t\t\t\t<h5 class=\"elementor-heading-title elementor-size-default\">Cin\u00e9-d\u00e9bat (de 18h \u00e0 20h)<\/h5>\t\t\t\t<\/div>\n\t\t\t\t<\/div>\n\t\t\t\t<div class=\"elementor-element elementor-element-e9303ec elementor-widget elementor-widget-text-editor\" data-id=\"e9303ec\" data-element_type=\"widget\" data-e-type=\"widget\" data-widget_type=\"text-editor.default\">\n\t\t\t\t<div class=\"elementor-widget-container\">\n\t\t\t\t\t\t\t\t\t<div title=\"Page 3\" style=\"caret-color: rgb(0, 0, 0); color: rgb(0, 0, 0);\"><div><div><div><p><span style=\"font-size: 12pt; font-family: MyriadPro; font-weight: 700;\">18h :&nbsp;<\/span><span style=\"font-size: 12pt; font-family: MyriadPro; color: rgb(147, 60, 54);\">\u00ab Lumumba, le retour d\u2019un he\u0301ros \u00bb.&nbsp;<\/span><span style=\"font-size: 12pt; font-family: MyriadPro;\">De Quentin Noirfalisse, Benoi\u0302t Feyt<br>et Dieudo Hamadi. Ce film raconte&nbsp;les ce\u0301le\u0301brations hautement politiques du retour de la de\u0301pouille de Lumumba, mais cherche surtout a\u0300&nbsp;savoir ce qu\u2019il reste de Patrice Lu- mumba, au Congo et en Belgique. Jusqu\u2019ici, son meurtre et ceux&nbsp;d\u2019Okito et Mpolo demeurent impunis.<\/span><\/p><p><span style=\"font-size: 12pt; font-family: MyriadPro;\">Projection suivie d\u2019une rencontre avec le re\u0301alisateur,&nbsp;<\/span><span style=\"font-size: 12pt; font-family: MyriadPro; font-weight: 700;\">Benoi\u0302t Feyt.<\/span><\/p><\/div><\/div><\/div><\/div>\t\t\t\t\t\t\t\t<\/div>\n\t\t\t\t<\/div>\n\t\t\t\t\t<\/div>\n\t\t<\/div>\n\t\t\t\t\t<\/div>\n\t\t<\/section>\n\t\t\t\t<section class=\"elementor-section elementor-top-section elementor-element elementor-element-4547450 elementor-section-boxed elementor-section-height-default elementor-section-height-default\" data-id=\"4547450\" data-element_type=\"section\" data-e-type=\"section\">\n\t\t\t\t\t\t<div class=\"elementor-container elementor-column-gap-default\">\n\t\t\t\t\t<div class=\"elementor-column elementor-col-100 elementor-top-column elementor-element elementor-element-e71417f\" data-id=\"e71417f\" data-element_type=\"column\" data-e-type=\"column\">\n\t\t\t<div class=\"elementor-widget-wrap elementor-element-populated\">\n\t\t\t\t\t\t<div class=\"elementor-element elementor-element-1ee12c4 elementor-widget elementor-widget-heading\" data-id=\"1ee12c4\" data-element_type=\"widget\" data-e-type=\"widget\" data-widget_type=\"heading.default\">\n\t\t\t\t<div class=\"elementor-widget-container\">\n\t\t\t\t\t<h3 class=\"elementor-heading-title elementor-size-default\">Samedi 30.03<\/h3>\t\t\t\t<\/div>\n\t\t\t\t<\/div>\n\t\t\t\t<div class=\"elementor-element elementor-element-5101bfd elementor-widget elementor-widget-heading\" data-id=\"5101bfd\" data-element_type=\"widget\" data-e-type=\"widget\" data-widget_type=\"heading.default\">\n\t\t\t\t<div class=\"elementor-widget-container\">\n\t\t\t\t\t<h5 class=\"elementor-heading-title elementor-size-default\">Atelier (de 14h \u00e0 16h)<\/h5>\t\t\t\t<\/div>\n\t\t\t\t<\/div>\n\t\t\t\t<div class=\"elementor-element elementor-element-ff6cb20 elementor-widget elementor-widget-text-editor\" data-id=\"ff6cb20\" data-element_type=\"widget\" data-e-type=\"widget\" data-widget_type=\"text-editor.default\">\n\t\t\t\t<div class=\"elementor-widget-container\">\n\t\t\t\t\t\t\t\t\t<div class=\"page\" style=\"caret-color: #000000; color: #000000;\" title=\"Page 3\">\n<div class=\"section\">\n<div class=\"layoutArea\">\n<div class=\"column\">\n<div class=\"page\" title=\"Page 3\">\n<div class=\"section\">\n<div class=\"layoutArea\">\n<div class=\"column\">\n<div class=\"page\" title=\"Page 3\">\n<div class=\"section\">\n<div class=\"layoutArea\">\n<div class=\"column\">\n<div class=\"page\" title=\"Page 3\">\n<div class=\"section\">\n<div class=\"layoutArea\">\n<div class=\"column\">\n<p><span style=\"font-size: 12pt; font-family: MyriadPro; font-weight: bold;\">14h :\u00a0<\/span><span style=\"font-size: 12pt; font-family: MyriadPro; color: #933c36;\">Auto-de\u0301fense verbale antiraciste,\u00a0<\/span><span style=\"font-size: 12pt; font-family: MyriadPro;\">par\u00a0<\/span><span style=\"font-size: 12pt; font-family: MyriadPro; font-weight: bold;\">Sarah Mussenge<\/span><span style=\"font-size: 12pt; font-family: MyriadPro;\">.<\/span><\/p>\n<\/div>\n<\/div>\n<\/div>\n<\/div>\n<\/div>\n<\/div>\n<\/div>\n<\/div>\n<\/div>\n<\/div>\n<\/div>\n<\/div>\n<\/div>\n<\/div>\n<\/div>\n<\/div>\t\t\t\t\t\t\t\t<\/div>\n\t\t\t\t<\/div>\n\t\t\t\t<div class=\"elementor-element elementor-element-2cf7e3b elementor-widget elementor-widget-heading\" data-id=\"2cf7e3b\" data-element_type=\"widget\" data-e-type=\"widget\" data-widget_type=\"heading.default\">\n\t\t\t\t<div class=\"elementor-widget-container\">\n\t\t\t\t\t<h5 class=\"elementor-heading-title elementor-size-default\">Echanges avec Etienne Minoungou (de 18h \u00e0 20h)<\/h5>\t\t\t\t<\/div>\n\t\t\t\t<\/div>\n\t\t\t\t<div class=\"elementor-element elementor-element-2a364f7 elementor-widget elementor-widget-text-editor\" data-id=\"2a364f7\" data-element_type=\"widget\" data-e-type=\"widget\" data-widget_type=\"text-editor.default\">\n\t\t\t\t<div class=\"elementor-widget-container\">\n\t\t\t\t\t\t\t\t\t<div style=\"caret-color: #000000; color: #000000;\" title=\"Page 3\">\n<div>\n<div>\n<div>\n<div class=\"page\" title=\"Page 3\">\n<div class=\"section\">\n<div class=\"layoutArea\">\n<div class=\"column\">\n<p><span style=\"font-size: 12pt; font-family: MyriadPro; font-weight: bold;\">19h :\u00a0<\/span><span style=\"font-size: 12pt; font-family: MyriadPro; color: #933c36;\">Echanges avec l\u2019artiste\u00a0<\/span><span style=\"font-size: 12pt; font-family: MyriadPro; font-weight: bold;\">Etienne Minoungou\u00a0<\/span><span style=\"font-size: 12pt; font-family: MyriadPro;\">sur son spectacle\u00a0<\/span><span style=\"font-size: 12pt; font-family: MyriadPro; font-weight: bold; color: #933c36;\">\u00ab<\/span><span style=\"font-size: 12pt; font-family: MyriadPro; color: #933c36;\">Traces, discours aux nations africaines \u00bb, de Felwine Sarr.<\/span><\/p>\n<\/div>\n<\/div>\n<\/div>\n<\/div>\n<\/div>\n<\/div>\n<\/div>\n<\/div>\t\t\t\t\t\t\t\t<\/div>\n\t\t\t\t<\/div>\n\t\t\t\t\t<\/div>\n\t\t<\/div>\n\t\t\t\t\t<\/div>\n\t\t<\/section>\n\t\t\t\t<section class=\"elementor-section elementor-top-section elementor-element elementor-element-b7c8e6d elementor-section-boxed elementor-section-height-default elementor-section-height-default\" data-id=\"b7c8e6d\" data-element_type=\"section\" data-e-type=\"section\">\n\t\t\t\t\t\t<div class=\"elementor-container elementor-column-gap-default\">\n\t\t\t\t\t<div class=\"elementor-column elementor-col-100 elementor-top-column elementor-element elementor-element-3f73c35\" data-id=\"3f73c35\" data-element_type=\"column\" data-e-type=\"column\">\n\t\t\t<div class=\"elementor-widget-wrap elementor-element-populated\">\n\t\t\t\t\t\t<div class=\"elementor-element elementor-element-bca3c40 elementor-widget elementor-widget-heading\" data-id=\"bca3c40\" data-element_type=\"widget\" data-e-type=\"widget\" data-widget_type=\"heading.default\">\n\t\t\t\t<div class=\"elementor-widget-container\">\n\t\t\t\t\t<h3 class=\"elementor-heading-title elementor-size-default\">Mardi 02.04<\/h3>\t\t\t\t<\/div>\n\t\t\t\t<\/div>\n\t\t\t\t<div class=\"elementor-element elementor-element-7d6389b elementor-widget elementor-widget-heading\" data-id=\"7d6389b\" data-element_type=\"widget\" data-e-type=\"widget\" data-widget_type=\"heading.default\">\n\t\t\t\t<div class=\"elementor-widget-container\">\n\t\t\t\t\t<h5 class=\"elementor-heading-title elementor-size-default\">Atelier (de 14h \u00e0 17h)<\/h5>\t\t\t\t<\/div>\n\t\t\t\t<\/div>\n\t\t\t\t<div class=\"elementor-element elementor-element-19d37e4 elementor-widget elementor-widget-text-editor\" data-id=\"19d37e4\" data-element_type=\"widget\" data-e-type=\"widget\" data-widget_type=\"text-editor.default\">\n\t\t\t\t<div class=\"elementor-widget-container\">\n\t\t\t\t\t\t\t\t\t<div class=\"page\" style=\"caret-color: #000000; color: #000000;\" title=\"Page 3\">\n<div class=\"section\">\n<div class=\"layoutArea\">\n<div class=\"column\">\n<p><span style=\"font-size: 12pt; font-family: MyriadPro; color: #933c36;\">Femmes et colonisation, avec\u00a0<\/span><span style=\"font-size: 12pt; font-family: MyriadPro; font-weight: bold; color: #030b09;\">Barbara Mourin\u00a0<\/span><span style=\"font-size: 12pt; font-family: MyriadPro; color: #030b09;\">(Espace Se\u0301maphore)\u00a0<\/span><span style=\"font-size: 12pt; font-family: MyriadPro; color: #933c36;\">et\u00a0<\/span><span style=\"font-size: 12pt; font-family: MyriadPro; font-weight: bold; color: #020509;\">Ce\u0301cile Rugira\u00a0<\/span><span style=\"font-size: 12pt; font-family: MyriadPro; color: #020509;\">(Vie Fe\u0301minine).<\/span><\/p>\n<\/div>\n<\/div>\n<\/div>\n<\/div>\t\t\t\t\t\t\t\t<\/div>\n\t\t\t\t<\/div>\n\t\t\t\t\t<\/div>\n\t\t<\/div>\n\t\t\t\t\t<\/div>\n\t\t<\/section>\n\t\t\t\t<section class=\"elementor-section elementor-top-section elementor-element elementor-element-2f7b9d3 elementor-section-boxed elementor-section-height-default elementor-section-height-default\" data-id=\"2f7b9d3\" data-element_type=\"section\" data-e-type=\"section\">\n\t\t\t\t\t\t<div class=\"elementor-container elementor-column-gap-default\">\n\t\t\t\t\t<div class=\"elementor-column elementor-col-100 elementor-top-column elementor-element elementor-element-0875201\" data-id=\"0875201\" data-element_type=\"column\" data-e-type=\"column\">\n\t\t\t<div class=\"elementor-widget-wrap elementor-element-populated\">\n\t\t\t\t\t\t<div class=\"elementor-element elementor-element-2a027e0 elementor-widget elementor-widget-heading\" data-id=\"2a027e0\" data-element_type=\"widget\" data-e-type=\"widget\" data-widget_type=\"heading.default\">\n\t\t\t\t<div class=\"elementor-widget-container\">\n\t\t\t\t\t<h3 class=\"elementor-heading-title elementor-size-default\">Mercredi 03.04<\/h3>\t\t\t\t<\/div>\n\t\t\t\t<\/div>\n\t\t\t\t<div class=\"elementor-element elementor-element-3263fb0 elementor-widget elementor-widget-heading\" data-id=\"3263fb0\" data-element_type=\"widget\" data-e-type=\"widget\" data-widget_type=\"heading.default\">\n\t\t\t\t<div class=\"elementor-widget-container\">\n\t\t\t\t\t<h5 class=\"elementor-heading-title elementor-size-default\">Th\u00e9\u00e2tre (de 10h \u00e0 12h et 18h \u00e0 20h)<\/h5>\t\t\t\t<\/div>\n\t\t\t\t<\/div>\n\t\t\t\t<div class=\"elementor-element elementor-element-597d73c elementor-widget elementor-widget-text-editor\" data-id=\"597d73c\" data-element_type=\"widget\" data-e-type=\"widget\" data-widget_type=\"text-editor.default\">\n\t\t\t\t<div class=\"elementor-widget-container\">\n\t\t\t\t\t\t\t\t\t<div class=\"page\" style=\"caret-color: #000000; color: #000000;\" title=\"Page 3\">\n<div class=\"section\">\n<div class=\"layoutArea\">\n<div class=\"column\">\n<p><span style=\"font-size: 12pt; font-family: MyriadPro; color: #933c36;\">\u00ab Zone de Non Droit \u00bb<\/span><span style=\"font-size: 12pt; font-family: MyriadPro;\">, du The\u0301a\u0302tre des Rues, dans le cadre du projet fe\u0301de\u0301ral \u00ab Les Tribunaux populaires \u00bb.<\/span><\/p>\n<p><span style=\"font-size: 12pt; font-family: MyriadPro; font-weight: bold;\">Pitch\u00a0<\/span><span style=\"font-size: 12pt; font-family: MyriadPro;\">: Caleb est arrive\u0301 en Belgique\u00a0afin de suivre des e\u0301tudes. Mais,\u00a0dans le sillage des logiques de discriminations racistes de l\u2019E\u0301tat belge,\u00a0les conditions d\u2019acce\u0300s aux e\u0301tudes pour les personnes e\u0301trange\u0300res se durcissent d\u2019anne\u0301e en anne\u0301e. Ces politiques pre\u0301carisent et fragilisent des e\u0301tudiant\u00b7e\u00b7s, qui se retrouvent alors expose\u0301\u00b7e\u00b7s aux risques de l\u2019arrestation, de l\u2019enfermement, de l\u2019expulsion :\u00a0ce sera le cas de Caleb.<\/span><\/p>\n<\/div>\n<\/div>\n<\/div>\n<\/div>\t\t\t\t\t\t\t\t<\/div>\n\t\t\t\t<\/div>\n\t\t\t\t\t<\/div>\n\t\t<\/div>\n\t\t\t\t\t<\/div>\n\t\t<\/section>\n\t\t\t\t<section class=\"elementor-section elementor-top-section elementor-element elementor-element-cb7bc3d elementor-section-boxed elementor-section-height-default elementor-section-height-default\" data-id=\"cb7bc3d\" data-element_type=\"section\" data-e-type=\"section\">\n\t\t\t\t\t\t<div class=\"elementor-container elementor-column-gap-default\">\n\t\t\t\t\t<div class=\"elementor-column elementor-col-100 elementor-top-column elementor-element elementor-element-6b964f4\" data-id=\"6b964f4\" data-element_type=\"column\" data-e-type=\"column\">\n\t\t\t<div class=\"elementor-widget-wrap elementor-element-populated\">\n\t\t\t\t\t\t<div class=\"elementor-element elementor-element-d8128eb elementor-widget elementor-widget-heading\" data-id=\"d8128eb\" data-element_type=\"widget\" data-e-type=\"widget\" data-widget_type=\"heading.default\">\n\t\t\t\t<div class=\"elementor-widget-container\">\n\t\t\t\t\t<h3 class=\"elementor-heading-title elementor-size-default\">Jeudi 04.04<\/h3>\t\t\t\t<\/div>\n\t\t\t\t<\/div>\n\t\t\t\t<div class=\"elementor-element elementor-element-49af105 elementor-widget elementor-widget-heading\" data-id=\"49af105\" data-element_type=\"widget\" data-e-type=\"widget\" data-widget_type=\"heading.default\">\n\t\t\t\t<div class=\"elementor-widget-container\">\n\t\t\t\t\t<h5 class=\"elementor-heading-title elementor-size-default\">Conf\u00e9rence (de 10h \u00e0 13h)<\/h5>\t\t\t\t<\/div>\n\t\t\t\t<\/div>\n\t\t\t\t<div class=\"elementor-element elementor-element-13abcea elementor-widget elementor-widget-text-editor\" data-id=\"13abcea\" data-element_type=\"widget\" data-e-type=\"widget\" data-widget_type=\"text-editor.default\">\n\t\t\t\t<div class=\"elementor-widget-container\">\n\t\t\t\t\t\t\t\t\t<div class=\"page\" style=\"caret-color: #000000; color: #000000;\" title=\"Page 3\">\n<div class=\"section\">\n<div class=\"layoutArea\">\n<div class=\"column\">\n<div class=\"page\" title=\"Page 3\">\n<div class=\"section\">\n<div class=\"layoutArea\">\n<div class=\"column\">\n<div class=\"page\" title=\"Page 3\">\n<div class=\"section\">\n<div class=\"layoutArea\">\n<div class=\"column\">\n<div class=\"page\" title=\"Page 3\">\n<div class=\"section\">\n<div class=\"layoutArea\">\n<div class=\"column\">\n<p><span style=\"font-size: 12pt; font-family: MyriadPro; font-weight: bold;\">10h :\u00a0<\/span><span style=\"font-size: 12pt; font-family: MyriadPro;\">confe\u0301rence\u00a0<\/span><span style=\"font-size: 12pt; font-family: MyriadPro; color: #933c36;\">&#8211;\u00a0<\/span><span style=\"font-size: 12pt; font-family: MinionPro; color: #933c36;\">Fe\u0301minisme decolonial : Femmes racise\u0301es au travail : e\u0301ternelles subal- ternes ?\u00a0<\/span><span style=\"font-size: 12pt; font-family: MinionPro;\">Par Carmen Diop chercheuse et jour- naliste.\u00a0<\/span><span style=\"font-size: 12pt; font-family: MyriadPro;\">Suivi, a\u0300 14h, d\u2019une visite de l\u2019expo\u00a0\u00ab Notre Congo\/Onze Kongo \u00bb<br \/><\/span><\/p>\n<\/div>\n<\/div>\n<\/div>\n<\/div>\n<\/div>\n<\/div>\n<\/div>\n<\/div>\n<\/div>\n<\/div>\n<\/div>\n<\/div>\n<\/div>\n<\/div>\n<\/div>\n<\/div>\t\t\t\t\t\t\t\t<\/div>\n\t\t\t\t<\/div>\n\t\t\t\t<div class=\"elementor-element elementor-element-6166a9a elementor-widget elementor-widget-heading\" data-id=\"6166a9a\" data-element_type=\"widget\" data-e-type=\"widget\" data-widget_type=\"heading.default\">\n\t\t\t\t<div class=\"elementor-widget-container\">\n\t\t\t\t\t<h5 class=\"elementor-heading-title elementor-size-default\">Atelier d'\u00e9criture (de 14h \u00e0 17h)<\/h5>\t\t\t\t<\/div>\n\t\t\t\t<\/div>\n\t\t\t\t<div class=\"elementor-element elementor-element-c94b5a6 elementor-widget elementor-widget-text-editor\" data-id=\"c94b5a6\" data-element_type=\"widget\" data-e-type=\"widget\" data-widget_type=\"text-editor.default\">\n\t\t\t\t<div class=\"elementor-widget-container\">\n\t\t\t\t\t\t\t\t\t<div class=\"page\" style=\"caret-color: #000000; color: #000000;\" title=\"Page 3\">\n<div class=\"section\">\n<div class=\"layoutArea\">\n<div class=\"column\">\n<p><span style=\"font-size: 12pt; font-family: MyriadPro; font-weight: bold;\">14h :\u00a0<\/span><span style=\"font-size: 12pt; font-family: MyriadPro;\">atelier d\u2019e\u0301criture &#8211;\u00a0<\/span><span style=\"font-size: 12pt; font-family: MyriadPro; color: #933c36;\">Les\u00a0mots du contre-pouvoir.\u00a0<\/span><span style=\"font-size: 12pt; font-family: MyriadPro; color: #010203;\">Les\u00a0mots contribuent a\u0300 la mise a\u0300\u00a0nu des rapports de domination. C<\/span><span style=\"font-size: 12pt; font-family: MyriadPro;\">e projet est le fruit d\u2019une\u00a0collaboration entre plusieurs\u00a0organisations et individus\u00a0passionne\u0301s, avec des contributions de plusieurs autres intervenants. Animation :\u00a0<\/span><span style=\"font-size: 12pt; font-family: MyriadPro; font-weight: bold;\">July Robert<\/span><span style=\"font-size: 12pt; font-family: MyriadPro;\">, membre du groupe de re\u0301daction<\/span><\/p>\n<\/div>\n<\/div>\n<\/div>\n<\/div>\t\t\t\t\t\t\t\t<\/div>\n\t\t\t\t<\/div>\n\t\t\t\t\t<\/div>\n\t\t<\/div>\n\t\t\t\t\t<\/div>\n\t\t<\/section>\n\t\t\t\t<section class=\"elementor-section elementor-top-section elementor-element elementor-element-7c62d79 elementor-section-boxed elementor-section-height-default elementor-section-height-default\" data-id=\"7c62d79\" data-element_type=\"section\" data-e-type=\"section\">\n\t\t\t\t\t\t<div class=\"elementor-container elementor-column-gap-default\">\n\t\t\t\t\t<div class=\"elementor-column elementor-col-100 elementor-top-column elementor-element elementor-element-82a9130\" data-id=\"82a9130\" data-element_type=\"column\" data-e-type=\"column\">\n\t\t\t<div class=\"elementor-widget-wrap elementor-element-populated\">\n\t\t\t\t\t\t<div class=\"elementor-element elementor-element-52f83a6 elementor-widget elementor-widget-heading\" data-id=\"52f83a6\" data-element_type=\"widget\" data-e-type=\"widget\" data-widget_type=\"heading.default\">\n\t\t\t\t<div class=\"elementor-widget-container\">\n\t\t\t\t\t<h3 class=\"elementor-heading-title elementor-size-default\">Vendredi 05.04<\/h3>\t\t\t\t<\/div>\n\t\t\t\t<\/div>\n\t\t\t\t<div class=\"elementor-element elementor-element-38e6fd6 elementor-widget elementor-widget-heading\" data-id=\"38e6fd6\" data-element_type=\"widget\" data-e-type=\"widget\" data-widget_type=\"heading.default\">\n\t\t\t\t<div class=\"elementor-widget-container\">\n\t\t\t\t\t<h5 class=\"elementor-heading-title elementor-size-default\">Soir\u00e9e de cl\u00f4ture (de 18h \u00e0 minuit)<\/h5>\t\t\t\t<\/div>\n\t\t\t\t<\/div>\n\t\t\t\t<div class=\"elementor-element elementor-element-34a766b elementor-widget elementor-widget-text-editor\" data-id=\"34a766b\" data-element_type=\"widget\" data-e-type=\"widget\" data-widget_type=\"text-editor.default\">\n\t\t\t\t<div class=\"elementor-widget-container\">\n\t\t\t\t\t\t\t\t\t<div class=\"page\" style=\"caret-color: #000000; color: #000000;\" title=\"Page 3\">\n<div class=\"section\">\n<div class=\"layoutArea\">\n<div class=\"column\">\n<div class=\"page\" title=\"Page 3\">\n<div class=\"section\">\n<div class=\"layoutArea\">\n<div class=\"column\">\n<p><span style=\"font-size: 12pt; font-family: MyriadPro;\">Afin de clore cette quinzaine de\u0301coloniale, la PADEEP vous invite a\u0300 un moment festif, en musique, avec\u00a0<\/span><span style=\"font-size: 12pt; font-family: MyriadPro; font-weight: bold;\">Kijah Djette<\/span><span style=\"font-size: 12pt; font-family: MyriadPro;\">, autour d\u2019un verre de l\u2019amitie\u0301.<\/span><\/p>\n<\/div>\n<\/div>\n<\/div>\n<\/div>\n<\/div>\n<\/div>\n<\/div>\n<\/div>\t\t\t\t\t\t\t\t<\/div>\n\t\t\t\t<\/div>\n\t\t\t\t\t<\/div>\n\t\t<\/div>\n\t\t\t\t\t<\/div>\n\t\t<\/section>\n\t\t\t\t<section class=\"elementor-section elementor-top-section elementor-element elementor-element-e2c6a3d elementor-section-boxed elementor-section-height-default elementor-section-height-default\" data-id=\"e2c6a3d\" data-element_type=\"section\" data-e-type=\"section\">\n\t\t\t\t\t\t<div class=\"elementor-container elementor-column-gap-default\">\n\t\t\t\t\t<div class=\"elementor-column elementor-col-100 elementor-top-column elementor-element elementor-element-8f5c601\" data-id=\"8f5c601\" data-element_type=\"column\" data-e-type=\"column\">\n\t\t\t<div class=\"elementor-widget-wrap elementor-element-populated\">\n\t\t\t\t\t\t<div class=\"elementor-element elementor-element-de68809 elementor-widget elementor-widget-heading\" data-id=\"de68809\" data-element_type=\"widget\" data-e-type=\"widget\" data-widget_type=\"heading.default\">\n\t\t\t\t<div class=\"elementor-widget-container\">\n\t\t\t\t\t<h2 class=\"elementor-heading-title elementor-size-default\">Visite guid\u00e9e !<\/h2>\t\t\t\t<\/div>\n\t\t\t\t<\/div>\n\t\t\t\t<div class=\"elementor-element elementor-element-d957356 elementor-widget elementor-widget-text-editor\" data-id=\"d957356\" data-element_type=\"widget\" data-e-type=\"widget\" data-widget_type=\"text-editor.default\">\n\t\t\t\t<div class=\"elementor-widget-container\">\n\t\t\t\t\t\t\t\t\t<p>Nous organisons \u00e9galement des visites guid\u00e9es. Pour vous inscrire, veuillez cliquer sur l&rsquo;ic\u00f4ne suivante<\/p>\t\t\t\t\t\t\t\t<\/div>\n\t\t\t\t<\/div>\n\t\t\t\t<div class=\"elementor-element elementor-element-a881bdd elementor-view-stacked elementor-shape-circle elementor-widget elementor-widget-icon\" data-id=\"a881bdd\" data-element_type=\"widget\" data-e-type=\"widget\" data-widget_type=\"icon.default\">\n\t\t\t\t<div class=\"elementor-widget-container\">\n\t\t\t\t\t\t\t<div class=\"elementor-icon-wrapper\">\n\t\t\t<a class=\"elementor-icon\" href=\"mailto:pfdecolonisons@gmail.com?subject=Inscription%20visite%20guid\u00e9e\">\n\t\t\t<i aria-hidden=\"true\" class=\"fas fa-mail-bulk\"><\/i>\t\t\t<\/a>\n\t\t<\/div>\n\t\t\t\t\t\t<\/div>\n\t\t\t\t<\/div>\n\t\t\t\t\t<\/div>\n\t\t<\/div>\n\t\t\t\t\t<\/div>\n\t\t<\/section>\n\t\t\t\t<section class=\"elementor-section elementor-top-section elementor-element elementor-element-3e01c7a elementor-section-boxed elementor-section-height-default elementor-section-height-default\" data-id=\"3e01c7a\" data-element_type=\"section\" data-e-type=\"section\">\n\t\t\t\t\t\t<div class=\"elementor-container elementor-column-gap-default\">\n\t\t\t\t\t<div class=\"elementor-column elementor-col-100 elementor-top-column elementor-element elementor-element-8a07763\" data-id=\"8a07763\" data-element_type=\"column\" data-e-type=\"column\">\n\t\t\t<div class=\"elementor-widget-wrap elementor-element-populated\">\n\t\t\t\t\t\t<div class=\"elementor-element elementor-element-b412f1c elementor-widget elementor-widget-heading\" data-id=\"b412f1c\" data-element_type=\"widget\" data-e-type=\"widget\" data-widget_type=\"heading.default\">\n\t\t\t\t<div class=\"elementor-widget-container\">\n\t\t\t\t\t<h2 class=\"elementor-heading-title elementor-size-default\">Inscription<\/h2>\t\t\t\t<\/div>\n\t\t\t\t<\/div>\n\t\t\t\t<div class=\"elementor-element elementor-element-757e7c7 elementor-button-align-stretch elementor-widget elementor-widget-form\" data-id=\"757e7c7\" data-element_type=\"widget\" data-e-type=\"widget\" data-settings=\"{&quot;step_next_label&quot;:&quot;Next&quot;,&quot;step_previous_label&quot;:&quot;Previous&quot;,&quot;button_width&quot;:&quot;100&quot;,&quot;step_type&quot;:&quot;number_text&quot;,&quot;step_icon_shape&quot;:&quot;circle&quot;}\" data-widget_type=\"form.default\">\n\t\t\t\t<div class=\"elementor-widget-container\">\n\t\t\t\t\t\t\t<form class=\"elementor-form\" method=\"post\" name=\"New Form\">\n\t\t\t<input type=\"hidden\" name=\"post_id\" value=\"230\"\/>\n\t\t\t<input type=\"hidden\" name=\"form_id\" value=\"757e7c7\"\/>\n\t\t\t<input type=\"hidden\" name=\"referer_title\" value=\"\" \/>\n\n\t\t\t\n\t\t\t<div class=\"elementor-form-fields-wrapper elementor-labels-above\">\n\t\t\t\t\t\t\t\t<div class=\"elementor-field-type-text elementor-field-group elementor-column elementor-field-group-name elementor-col-100 elementor-field-required\">\n\t\t\t\t\t\t\t\t\t\t\t\t<label for=\"form-field-name\" class=\"elementor-field-label\">\n\t\t\t\t\t\t\t\tNom\t\t\t\t\t\t\t<\/label>\n\t\t\t\t\t\t\t\t\t\t\t\t\t\t<input size=\"1\" type=\"text\" name=\"form_fields[name]\" id=\"form-field-name\" class=\"elementor-field elementor-size-sm  elementor-field-textual\" placeholder=\"Votre nom\" required=\"required\">\n\t\t\t\t\t\t\t\t\t\t\t<\/div>\n\t\t\t\t\t\t\t\t<div class=\"elementor-field-type-text elementor-field-group elementor-column elementor-field-group-field_6823426 elementor-col-100 elementor-field-required\">\n\t\t\t\t\t\t\t\t\t\t\t\t<label for=\"form-field-field_6823426\" class=\"elementor-field-label\">\n\t\t\t\t\t\t\t\tPr\u00e9nom\t\t\t\t\t\t\t<\/label>\n\t\t\t\t\t\t\t\t\t\t\t\t\t\t<input size=\"1\" type=\"text\" name=\"form_fields[field_6823426]\" id=\"form-field-field_6823426\" class=\"elementor-field elementor-size-sm  elementor-field-textual\" placeholder=\"Votre pr\u00e9nom\" required=\"required\">\n\t\t\t\t\t\t\t\t\t\t\t<\/div>\n\t\t\t\t\t\t\t\t<div class=\"elementor-field-type-email elementor-field-group elementor-column elementor-field-group-email elementor-col-100 elementor-field-required\">\n\t\t\t\t\t\t\t\t\t\t\t\t<label for=\"form-field-email\" class=\"elementor-field-label\">\n\t\t\t\t\t\t\t\tEmail\t\t\t\t\t\t\t<\/label>\n\t\t\t\t\t\t\t\t\t\t\t\t\t\t<input size=\"1\" type=\"email\" name=\"form_fields[email]\" id=\"form-field-email\" class=\"elementor-field elementor-size-sm  elementor-field-textual\" placeholder=\"Votre Email\" required=\"required\">\n\t\t\t\t\t\t\t\t\t\t\t<\/div>\n\t\t\t\t\t\t\t\t<div class=\"elementor-field-type-checkbox elementor-field-group elementor-column elementor-field-group-field_07fac9f elementor-col-100\">\n\t\t\t\t\t\t\t\t\t\t\t\t<label for=\"form-field-field_07fac9f\" class=\"elementor-field-label\">\n\t\t\t\t\t\t\t\tProgramme\t\t\t\t\t\t\t<\/label>\n\t\t\t\t\t\t<div class=\"elementor-field-subgroup  elementor-subgroup-inline\"><span class=\"elementor-field-option\"><input type=\"checkbox\" value=\"Conf\u00e9rence 22.03\" id=\"form-field-field_07fac9f-0\" name=\"form_fields[field_07fac9f][]\"> <label for=\"form-field-field_07fac9f-0\">Conf\u00e9rence 22.03<\/label><\/span><span class=\"elementor-field-option\"><input type=\"checkbox\" value=\"Formation 28.03\" id=\"form-field-field_07fac9f-1\" name=\"form_fields[field_07fac9f][]\"> <label for=\"form-field-field_07fac9f-1\">Formation 28.03<\/label><\/span><span class=\"elementor-field-option\"><input type=\"checkbox\" value=\"Atelier d&#039;expression 29.03\" id=\"form-field-field_07fac9f-2\" name=\"form_fields[field_07fac9f][]\"> <label for=\"form-field-field_07fac9f-2\">Atelier d'expression 29.03<\/label><\/span><span class=\"elementor-field-option\"><input type=\"checkbox\" value=\"Cin\u00e9-d\u00e9bat 29.03\" id=\"form-field-field_07fac9f-3\" name=\"form_fields[field_07fac9f][]\"> <label for=\"form-field-field_07fac9f-3\">Cin\u00e9-d\u00e9bat 29.03<\/label><\/span><span class=\"elementor-field-option\"><input type=\"checkbox\" value=\"Atelier 30.03\" id=\"form-field-field_07fac9f-4\" name=\"form_fields[field_07fac9f][]\"> <label for=\"form-field-field_07fac9f-4\">Atelier 30.03<\/label><\/span><span class=\"elementor-field-option\"><input type=\"checkbox\" value=\"Etienne Minoungou 30.03\" id=\"form-field-field_07fac9f-5\" name=\"form_fields[field_07fac9f][]\"> <label for=\"form-field-field_07fac9f-5\">Etienne Minoungou 30.03<\/label><\/span><span class=\"elementor-field-option\"><input type=\"checkbox\" value=\"Atelier 02.04\" id=\"form-field-field_07fac9f-6\" name=\"form_fields[field_07fac9f][]\"> <label for=\"form-field-field_07fac9f-6\">Atelier 02.04<\/label><\/span><span class=\"elementor-field-option\"><input type=\"checkbox\" value=\"Th\u00e9\u00e2tre 03.04\" id=\"form-field-field_07fac9f-7\" name=\"form_fields[field_07fac9f][]\"> <label for=\"form-field-field_07fac9f-7\">Th\u00e9\u00e2tre 03.04<\/label><\/span><span class=\"elementor-field-option\"><input type=\"checkbox\" value=\"Conf\u00e9rence 04.04\" id=\"form-field-field_07fac9f-8\" name=\"form_fields[field_07fac9f][]\"> <label for=\"form-field-field_07fac9f-8\">Conf\u00e9rence 04.04<\/label><\/span><span class=\"elementor-field-option\"><input type=\"checkbox\" value=\"Atelier d&#039;\u00e9criture 04.04\" id=\"form-field-field_07fac9f-9\" name=\"form_fields[field_07fac9f][]\"> <label for=\"form-field-field_07fac9f-9\">Atelier d'\u00e9criture 04.04<\/label><\/span><span class=\"elementor-field-option\"><input type=\"checkbox\" value=\"Soir\u00e9e de cl\u00f4ture 05.04\" id=\"form-field-field_07fac9f-10\" name=\"form_fields[field_07fac9f][]\"> <label for=\"form-field-field_07fac9f-10\">Soir\u00e9e de cl\u00f4ture 05.04<\/label><\/span><\/div>\t\t\t\t<\/div>\n\t\t\t\t\t\t\t\t<div class=\"elementor-field-type-number elementor-field-group elementor-column elementor-field-group-field_0426210 elementor-col-100\">\n\t\t\t\t\t\t\t\t\t\t\t\t<label for=\"form-field-field_0426210\" class=\"elementor-field-label\">\n\t\t\t\t\t\t\t\tSi vous souhaitez venir avec un groupe de plusieurs personnes, veuillez le pr\u00e9ciser\t\t\t\t\t\t\t<\/label>\n\t\t\t\t\t\t\t\t\t<input type=\"number\" name=\"form_fields[field_0426210]\" id=\"form-field-field_0426210\" class=\"elementor-field elementor-size-sm  elementor-field-textual\" min=\"\" max=\"\" >\n\t\t\t\t\t\t<\/div>\n\t\t\t\t\t\t\t\t<div class=\"elementor-field-group elementor-column elementor-field-type-submit elementor-col-100 e-form__buttons\">\n\t\t\t\t\t<button class=\"elementor-button elementor-size-sm\" type=\"submit\">\n\t\t\t\t\t\t<span class=\"elementor-button-content-wrapper\">\n\t\t\t\t\t\t\t\t\t\t\t\t\t\t\t\t\t\t\t\t\t\t<span class=\"elementor-button-text\">Send<\/span>\n\t\t\t\t\t\t\t\t\t\t\t\t\t<\/span>\n\t\t\t\t\t<\/button>\n\t\t\t\t<\/div>\n\t\t\t<\/div>\n\t\t<\/form>\n\t\t\t\t\t\t<\/div>\n\t\t\t\t<\/div>\n\t\t\t\t<div class=\"elementor-element elementor-element-ad5bb03 elementor-widget elementor-widget-heading\" data-id=\"ad5bb03\" data-element_type=\"widget\" data-e-type=\"widget\" data-widget_type=\"heading.default\">\n\t\t\t\t<div class=\"elementor-widget-container\">\n\t\t\t\t\t<h2 class=\"elementor-heading-title elementor-size-default\">Et aussi...<\/h2>\t\t\t\t<\/div>\n\t\t\t\t<\/div>\n\t\t\t\t<div class=\"elementor-element elementor-element-0d8ec41 elementor-widget elementor-widget-text-editor\" data-id=\"0d8ec41\" data-element_type=\"widget\" data-e-type=\"widget\" data-widget_type=\"text-editor.default\">\n\t\t\t\t<div class=\"elementor-widget-container\">\n\t\t\t\t\t\t\t\t\t<div style=\"caret-color: #000000; color: #000000;\" title=\"Page 3\">\n<div>\n<div>\n<div>\n<p><span style=\"font-size: 12pt; font-family: MyriadPro; font-weight: bold; color: #3f000a;\">PARCOURS DE\u0301COLONIAL\u00a0<\/span><span style=\"font-size: 12pt; font-family: MyriadPro; font-weight: bold; color: #ff5236;\">sur re\u0301servation\u00a0<\/span><span style=\"font-size: 12pt; font-family: MyriadPro;\">En collaboration avec Le Village du Monde<\/span><\/p>\n<p><span style=\"font-size: 12pt; font-family: MyriadPro;\">En parcourant les rues de Mons, les citoyen.nes pourront partir\u00a0<\/span><span style=\"font-size: 12pt; font-family: MyriadPro; color: #50292e;\">sur les traces de la colonisation et du passe\u0301 colonial a\u0300 Mons<\/span><span style=\"font-size: 12pt; font-family: MyriadPro;\">, pour de\u0301construire la propagande coloniale.<\/span><\/p>\n<p><span style=\"font-size: 12pt; font-family: MyriadPro;\">Ce parcours original du centre-ville de Mons est une visite ouverte a\u0300 tout groupe d\u2019adultes de\u0301sireux de de\u0301couvrir cette facette me\u0301connue du patrimoine montois.<\/span><\/p>\n<p><span style=\"font-size: 12pt; font-family: MyriadPro;\">Contact: 0479 73 54 66 &#8211; manuscordia@gmail.com<\/span><\/p>\n<p>\u00a0<\/p>\n<div title=\"Page 3\">\n<div>\n<div>\n<div>\n<p><span style=\"font-size: 12pt; font-family: MyriadPro; font-weight: bold; color: #3f000a;\">ANIMATIONS SCOLAIRES<\/span><\/p>\n<p><span style=\"font-size: 12pt; font-family: MyriadPro;\">La PADEEP propose e\u0301galement aux enseignant(e)s et a\u0300 leurs e\u0301le\u0300ves (de\u0300s la 4e\u0300me secondaire) d\u2019aborder le the\u0300me de la propagande au travers d\u2019une visite guide\u0301e de l\u2019exposition\u00a0<\/span><span style=\"font-size: 12pt; font-family: MyriadPro; color: #933c36;\">\u00ab Notre Congo\/Onze Kongo, la propagande coloniale belge de\u0301voile\u0301e \u00bb.<\/span><\/p>\n<p><span style=\"font-size: 12pt; font-family: MyriadPro;\">Des animations pourront e\u0301galement, a\u0300 la demande, e\u0302tre mene\u0301es dans les classes du secondaire (a\u0300 partir de 16 ans) afin d\u2019introduire les the\u0301matiques de la colonisation, de la de\u0301colonisation et du racisme.<\/span><\/p>\n<\/div>\n<\/div>\n<\/div>\n<\/div>\n<\/div>\n<\/div>\n<\/div>\n<\/div>\t\t\t\t\t\t\t\t<\/div>\n\t\t\t\t<\/div>\n\t\t\t\t\t<\/div>\n\t\t<\/div>\n\t\t\t\t\t<\/div>\n\t\t<\/section>\n\t\t\t\t<section class=\"elementor-section elementor-top-section elementor-element elementor-element-c2119de elementor-section-boxed elementor-section-height-default elementor-section-height-default\" data-id=\"c2119de\" data-element_type=\"section\" data-e-type=\"section\">\n\t\t\t\t\t\t<div class=\"elementor-container elementor-column-gap-default\">\n\t\t\t\t\t<div class=\"elementor-column elementor-col-100 elementor-top-column elementor-element elementor-element-56f3f3e\" data-id=\"56f3f3e\" data-element_type=\"column\" data-e-type=\"column\">\n\t\t\t<div class=\"elementor-widget-wrap elementor-element-populated\">\n\t\t\t\t\t\t<div class=\"elementor-element elementor-element-be451e3 elementor-widget elementor-widget-heading\" data-id=\"be451e3\" data-element_type=\"widget\" data-e-type=\"widget\" data-widget_type=\"heading.default\">\n\t\t\t\t<div class=\"elementor-widget-container\">\n\t\t\t\t\t<h2 class=\"elementor-heading-title elementor-size-default\">O\u00f9 ?<\/h2>\t\t\t\t<\/div>\n\t\t\t\t<\/div>\n\t\t\t\t\t<\/div>\n\t\t<\/div>\n\t\t\t\t\t<\/div>\n\t\t<\/section>\n\t\t\t\t<section class=\"elementor-section elementor-top-section elementor-element elementor-element-0e51569 elementor-section-boxed elementor-section-height-default elementor-section-height-default\" data-id=\"0e51569\" data-element_type=\"section\" data-e-type=\"section\">\n\t\t\t\t\t\t<div class=\"elementor-container elementor-column-gap-default\">\n\t\t\t\t\t<div class=\"elementor-column elementor-col-100 elementor-top-column elementor-element elementor-element-8a87749\" data-id=\"8a87749\" data-element_type=\"column\" data-e-type=\"column\">\n\t\t\t<div class=\"elementor-widget-wrap elementor-element-populated\">\n\t\t\t\t\t\t<div class=\"elementor-element elementor-element-6ec54fc elementor-widget elementor-widget-google_maps\" data-id=\"6ec54fc\" data-element_type=\"widget\" data-e-type=\"widget\" data-widget_type=\"google_maps.default\">\n\t\t\t\t<div class=\"elementor-widget-container\">\n\t\t\t\t\t\t\t<div class=\"elementor-custom-embed\">\n\t\t\t<iframe loading=\"lazy\"\n\t\t\t\t\tsrc=\"https:\/\/maps.google.com\/maps?q=Rue%20des%20Soeurs%20Noires%2C%202%20-%207000%20Mons&#038;t=m&#038;z=10&#038;output=embed&#038;iwloc=near\"\n\t\t\t\t\ttitle=\"Rue des Soeurs Noires, 2 - 7000 Mons\"\n\t\t\t\t\taria-label=\"Rue des Soeurs Noires, 2 - 7000 Mons\"\n\t\t\t><\/iframe>\n\t\t<\/div>\n\t\t\t\t\t\t<\/div>\n\t\t\t\t<\/div>\n\t\t\t\t\t<\/div>\n\t\t<\/div>\n\t\t\t\t\t<\/div>\n\t\t<\/section>\n\t\t\t\t<section class=\"elementor-section elementor-top-section elementor-element elementor-element-014be92 elementor-section-boxed elementor-section-height-default elementor-section-height-default\" data-id=\"014be92\" data-element_type=\"section\" data-e-type=\"section\">\n\t\t\t\t\t\t<div class=\"elementor-container elementor-column-gap-default\">\n\t\t\t\t\t<div class=\"elementor-column elementor-col-100 elementor-top-column elementor-element elementor-element-e4ffc68\" data-id=\"e4ffc68\" data-element_type=\"column\" data-e-type=\"column\">\n\t\t\t<div class=\"elementor-widget-wrap elementor-element-populated\">\n\t\t\t\t\t\t<div class=\"elementor-element elementor-element-3aade2b elementor-widget elementor-widget-spacer\" data-id=\"3aade2b\" data-element_type=\"widget\" data-e-type=\"widget\" data-widget_type=\"spacer.default\">\n\t\t\t\t<div class=\"elementor-widget-container\">\n\t\t\t\t\t\t\t<div class=\"elementor-spacer\">\n\t\t\t<div class=\"elementor-spacer-inner\"><\/div>\n\t\t<\/div>\n\t\t\t\t\t\t<\/div>\n\t\t\t\t<\/div>\n\t\t\t\t<div class=\"elementor-element elementor-element-d777a2f elementor-widget elementor-widget-heading\" data-id=\"d777a2f\" data-element_type=\"widget\" data-e-type=\"widget\" data-widget_type=\"heading.default\">\n\t\t\t\t<div class=\"elementor-widget-container\">\n\t\t\t\t\t<h2 class=\"elementor-heading-title elementor-size-default\">Equipe organisatrice de la quinzaine d\u00e9coloniale<\/h2>\t\t\t\t<\/div>\n\t\t\t\t<\/div>\n\t\t\t\t\t<\/div>\n\t\t<\/div>\n\t\t\t\t\t<\/div>\n\t\t<\/section>\n\t\t\t\t<section class=\"elementor-section elementor-top-section elementor-element elementor-element-a51a34b elementor-section-boxed elementor-section-height-default elementor-section-height-default\" data-id=\"a51a34b\" data-element_type=\"section\" data-e-type=\"section\">\n\t\t\t\t\t\t<div class=\"elementor-container elementor-column-gap-default\">\n\t\t\t\t\t<div class=\"elementor-column elementor-col-100 elementor-top-column elementor-element elementor-element-e971aeb\" data-id=\"e971aeb\" data-element_type=\"column\" data-e-type=\"column\">\n\t\t\t<div class=\"elementor-widget-wrap elementor-element-populated\">\n\t\t\t\t\t\t<div class=\"elementor-element elementor-element-6b6585d elementor-widget elementor-widget-image\" data-id=\"6b6585d\" data-element_type=\"widget\" data-e-type=\"widget\" data-widget_type=\"image.default\">\n\t\t\t\t<div class=\"elementor-widget-container\">\n\t\t\t\t\t\t\t\t\t\t\t\t\t\t\t<img fetchpriority=\"high\" decoding=\"async\" width=\"800\" height=\"520\" src=\"https:\/\/padeep.be\/wp-content\/uploads\/2024\/01\/Capture-decran-2024-02-26-a-10.00.42-1024x665.png\" class=\"attachment-large size-large wp-image-290\" alt=\"\" srcset=\"https:\/\/padeep.be\/wp-content\/uploads\/2024\/01\/Capture-decran-2024-02-26-a-10.00.42-1024x665.png 1024w, https:\/\/padeep.be\/wp-content\/uploads\/2024\/01\/Capture-decran-2024-02-26-a-10.00.42-300x195.png 300w, https:\/\/padeep.be\/wp-content\/uploads\/2024\/01\/Capture-decran-2024-02-26-a-10.00.42-768x499.png 768w, https:\/\/padeep.be\/wp-content\/uploads\/2024\/01\/Capture-decran-2024-02-26-a-10.00.42.png 1192w\" sizes=\"(max-width: 800px) 100vw, 800px\" \/>\t\t\t\t\t\t\t\t\t\t\t\t\t\t\t<\/div>\n\t\t\t\t<\/div>\n\t\t\t\t\t<\/div>\n\t\t<\/div>\n\t\t\t\t\t<\/div>\n\t\t<\/section>\n\t\t\t\t<\/div>\n\t\t","protected":false},"excerpt":{"rendered":"<p>Compte \u00e0 rebours avant l&rsquo;\u00e9v\u00e8nement Days Hours Minutes Seconds DU 18 MARS AU 5 AVRIL 2024 LA PLATEFORME 2018 a e\u0301te\u0301 marque\u0301e par une mobilisation d\u2019as- sociations issues des communaute\u0301s d\u2019Afrique subsaharienne, dans le but de parfaire a\u0300 une de\u0301colonisation de l\u2019espace public dans la re\u0301gion de Mons-centre et du Borinage. Cette volonte\u0301 de\u0301boucha, le [&hellip;]<\/p>\n","protected":false},"author":1,"featured_media":232,"comment_status":"open","ping_status":"closed","sticky":false,"template":"","format":"standard","meta":{"footnotes":""},"categories":[1],"tags":[],"class_list":["post-230","post","type-post","status-publish","format-standard","has-post-thumbnail","hentry","category-articles"],"_links":{"self":[{"href":"https:\/\/padeep.be\/index.php?rest_route=\/wp\/v2\/posts\/230","targetHints":{"allow":["GET"]}}],"collection":[{"href":"https:\/\/padeep.be\/index.php?rest_route=\/wp\/v2\/posts"}],"about":[{"href":"https:\/\/padeep.be\/index.php?rest_route=\/wp\/v2\/types\/post"}],"author":[{"embeddable":true,"href":"https:\/\/padeep.be\/index.php?rest_route=\/wp\/v2\/users\/1"}],"replies":[{"embeddable":true,"href":"https:\/\/padeep.be\/index.php?rest_route=%2Fwp%2Fv2%2Fcomments&post=230"}],"version-history":[{"count":52,"href":"https:\/\/padeep.be\/index.php?rest_route=\/wp\/v2\/posts\/230\/revisions"}],"predecessor-version":[{"id":325,"href":"https:\/\/padeep.be\/index.php?rest_route=\/wp\/v2\/posts\/230\/revisions\/325"}],"wp:featuredmedia":[{"embeddable":true,"href":"https:\/\/padeep.be\/index.php?rest_route=\/wp\/v2\/media\/232"}],"wp:attachment":[{"href":"https:\/\/padeep.be\/index.php?rest_route=%2Fwp%2Fv2%2Fmedia&parent=230"}],"wp:term":[{"taxonomy":"category","embeddable":true,"href":"https:\/\/padeep.be\/index.php?rest_route=%2Fwp%2Fv2%2Fcategories&post=230"},{"taxonomy":"post_tag","embeddable":true,"href":"https:\/\/padeep.be\/index.php?rest_route=%2Fwp%2Fv2%2Ftags&post=230"}],"curies":[{"name":"wp","href":"https:\/\/api.w.org\/{rel}","templated":true}]}}